{"id":513359,"date":"2025-12-06T22:06:42","date_gmt":"2025-12-06T14:06:42","guid":{"rendered":"https:\/\/si.secda.info\/tlsm20220140x\/?p=513359"},"modified":"2025-12-06T22:06:47","modified_gmt":"2025-12-06T14:06:47","slug":"2023-as-f1-brazil-nagydij-televizios-kozvetitesi-percek-es-streamelesi-lehetosegek-az-egyesult-allamokban","status":"publish","type":"post","link":"https:\/\/si.secda.info\/tlsm20220140x\/?p=513359","title":{"rendered":"2023-as F1 Brazil Nagyd\u00edj: Telev\u00edzi\u00f3s k\u00f6zvet\u00edt\u00e9si percek \u00e9s streamel\u00e9si lehet\u0151s\u00e9gek az Egyes\u00fclt \u00c1llamokban"},"content":{"rendered":"<div id=\"toc\" style=\"background: #f9f9f9;border: 1px solid #aaa;display: table;margin-bottom: 1em;padding: 1em;width: 350px;\">\n<p class=\"toctitle\" style=\"font-weight: 700;text-align: center;\">Cikkek<\/p>\n<ul class=\"toc_list\">\n<li><a href=\"#toc-0\">Ami\u00f3ta megt\u00f6rt\u00e9nt: T\u00f6rekedj minden olyan tev\u00e9kenys\u00e9gre, amely a piros z\u00e1szl\u00f3val elfoglalt id\u0151m\u00e9r\u0151n k\u00edv\u00fcl esik a Sao Paul\u00f3i Nagyd\u00edjra.<\/a><\/li>\n<li><a href=\"#toc-1\">\u00d3r\u00e1kat nyit\u00f3 pillanatok \u00e9s BBC-s nyilv\u00e1noss\u00e1g az Interlagoson<\/a><\/li>\n<li><a href=\"#toc-2\">Q2 &#8211; Ocon halad \u00e1t a leg\u00fajabb vonalon a leggyorsabban<\/a><\/li>\n<li><a href=\"#toc-3\">Az \u00faj v\u00e1rhat\u00f3 kezd\u00e9si d\u00e1tum 19:31 GMT, amelyet a 2024. november 19:14 GMT-kor tettek k\u00f6zz\u00e9, 2024. november 2. 19:14 GMT-kor.<\/a><\/li>\n<\/ul>\n<\/div>\n<p>Ezut\u00e1n a leg\u00fajabb szervezetek n\u00e9h\u00e1ny m\u00e1s m\u00f3dszert is alkalmaztak, a McLarenekkel p\u00e1r k\u00f6rt megt\u00e9ve, Norris pedig egym\u00e1s ut\u00e1n jav\u00edtotta a rajtid\u0151t \u2013 ami alapvet\u0151en j\u00f3 1:24,092-es id\u0151t jelentett, \u00e9s v\u00e9g\u00fcl kiv\u00e1l\u00f3 1:23,405-\u00f6s id\u0151t. A McLaren versenyz\u0151je, Lando Norris vezette az id\u0151m\u00e9r\u0151t a Brazil Nagyd\u00edj 1. szakasz\u00e1ban, ahol a Red Bull versenyz\u0151je, Max Verstappen vitatott m\u00f3don kiesett a nedves edz\u00e9s sz\u00e1mos piros z\u00e1szl\u00f3ja miatt. <!--more--> Az egyenes m\u00e1sik \u00e1llom\u00e1s\u00e1n az M trib\u00fcn is az els\u0151 kanyarban van, a Senna S pedig egy inform\u00e1lis helysz\u00edn az el\u0151z\u00e9sek megtekint\u00e9s\u00e9re. A sport\u00e1g leg\u00fajabb szab\u00e1lyai nem adnak lehet\u0151s\u00e9get arra, hogy befoly\u00e1soljuk a rajtr\u00e1cs elhelyezked\u00e9s\u00e9t, ha a k\u00e9s\u0151bbi es\u0151 miatt az id\u0151m\u00e9r\u0151 elmaradna a vas\u00e1rnapi versenyt\u0151l, de a versenyz\u0151knek siker\u00fclt. Oscar Piastri a m\u00e1sodik pole poz\u00edci\u00f3j\u00e1t kereste vas\u00e1rnap, m\u00edg Verstappen agg\u00f3dhat az \u00f6t rajthelyes b\u00fcntet\u00e9se miatt. Hogy ne maradj le a viselked\u00e9ssel, a min\u0151s\u00edt\u00e9ssel vagy a versennyel kapcsolatos esem\u00e9nyekr\u0151l \u2013 amelyek \u00e9vszakonk\u00e9nt csatorn\u00e1nk\u00e9nt v\u00e1ltoznak \u2013, \u00edme, hogyan hallgathatod meg ezeket a m\u0171sorokat ezen a h\u00e9tv\u00e9g\u00e9n.<\/p>\n<h2 id=\"toc-0\">Ami\u00f3ta megt\u00f6rt\u00e9nt: T\u00f6rekedj minden olyan tev\u00e9kenys\u00e9gre, amely a piros z\u00e1szl\u00f3val elfoglalt id\u0151m\u00e9r\u0151n k\u00edv\u00fcl esik a Sao Paul\u00f3i Nagyd\u00edjra.<\/h2>\n<p>Tov\u00e1bbra is \u00f6mleni fog az es\u0151, r\u00e1ad\u00e1sul a k\u00e9s\u00e9sek 15 percenk\u00e9nt jelentkeznek. Egyik id\u0151pontra a k\u00f6vetkez\u0151nek k\u00fcsz\u00f6b\u00f6n \u00e1llnia kell&#8230; Az \u00faj szab\u00e1lyok nem t\u0171nnek hasznosnak, ez\u00e9rt ma sz\u00e1m\u00edtaniuk kell, k\u00fcl\u00f6n\u00f6sen a folyamatosan cs\u00f6kken\u0151 f\u00e9nyviszonyok k\u00f6z\u00f6tt, az FIA leg\u00fajabb logik\u00e1ja a tal\u00e1n m\u00e9g nem kihirdetett hat\u00e1rid\u0151n bel\u00fcl ezekben a hosszan tart\u00f3 v\u00e1rakoz\u00e1sokban. Mi\u00e9rt ne \u00e9lvezhetn\u00e9nk k\u00fcl\u00f6n\u00f6sen ezt a m\u00e1sodik lass\u00edt\u00e1st, k\u00fcl\u00f6nben tal\u00e1n az utols\u00f3 halaszt\u00e1st?<\/p>\n<p>Charles Leclerc-t 10 100 000 eur\u00f3s (8420 font) b\u00edrs\u00e1ggal s\u00fajtotta az FIA, ami\u00e9rt k\u00e1romkodott a m\u00falt h\u00e9tv\u00e9gi Mexik\u00f3v\u00e1rosi Nagyd\u00edjat k\u00f6vet\u0151 sajt\u00f3t\u00e1j\u00e9koztat\u00f3n. Max Verstappen elvesztette harmadik hely\u00e9t a Sao Paul\u00f3i Nagyd\u00edjon, miut\u00e1n online <a href=\"https:\/\/fogadas-sport.com\/bonus\/\">https:\/\/fogadas-sport.com\/bonus\/<\/a> biztons\u00e1gi aut\u00f3s szab\u00e1lys\u00e9rt\u00e9st k\u00f6vetett el az Oscar Piastrival v\u00edvott versenyen. Max Verstappen elmondta nekem, hogy a Sao Paul\u00f3i Nagyd\u00edj h\u00e9tv\u00e9g\u00e9j\u00e9nek viharos kezdete hogyan tette a fontos gy\u0151zelm\u00fcket ilyen &quot;\u00e9rzelmess\u00e9&quot;. Lewis Hamilton azt mondta, hogy ink\u00e1bb &quot;nyaralni menne&quot;, ahelyett, hogy egyszer\u0171en csak a Mercedes\u00e9vel vezetn\u00e9 a 2024-es F1-es szezon h\u00e1tral\u00e9v\u0151 r\u00e9sz\u00e9t egy rendk\u00edv\u00fcl lehangol\u00f3 Sao Paul\u00f3i Nagyd\u00edj ut\u00e1n. Martin Brundle \u00fagy v\u00e9li, Lando Norris id\u00e9n azt fogja tapasztalni, hogy &quot;\u00fajabb kih\u00edv\u00e1sok v\u00e1rnak r\u00e1d, \u00e9s t\u00f6rv\u00e9nyeket kell k\u00f6vetned&quot;, amikor egy izgalmas F1-es szezont akarsz.<\/p>\n<p><img src=\"http:\/\/www.betliz.com\/wp-content\/uploads\/2018\/03\/How-to-win-at-sports-betting-720x340.jpg\" alt=\"cricket betting sites\" align=\"left\" border=\"1\" style=\"padding: 20px;\"><\/p>\n<p>Max Verstappen a kvalifik\u00e1ci\u00f3 ut\u00e1ni sajt\u00f3t\u00e1j\u00e9koztat\u00f3n besz\u00e9lt a pole k\u00f6r\u00fckr\u0151l, \u00e9s a sr\u00e1c nagyon k\u00fczd\u00f6tt az \u00faj versenysz\u00e1m v\u00e9g\u00e9n, mivel elkezd\u0151d\u00f6tt az es\u0151. Az id\u0151m\u00e9r\u0151t vas\u00e1rnap reggelre halasztott\u00e1k a Sao Paul\u00f3ban kedden lez\u00fadul\u00f3 heves es\u0151z\u00e9sek miatt. Az \u00faj rajt kezdet\u00e9t is m\u00f3dos\u00edtott\u00e1k.<\/p>\n<h2 id=\"toc-1\">\u00d3r\u00e1kat nyit\u00f3 pillanatok \u00e9s BBC-s nyilv\u00e1noss\u00e1g az Interlagoson<\/h2>\n<p>Hamilton megszerezte a pole poz\u00edci\u00f3t, \u00e9s megszerezhette Rosberg leg\u00fajabb ellenfel\u00e9t, hogy a torn\u00e1n az utols\u00f3 futam\u00e1t z\u00e1rhassa Abu Dhabiban. Maximum Verstappen harmadik lett, majd 16 k\u00f6rrel a v\u00e9ge el\u0151tt egy kisebb lemarad\u00e1s ut\u00e1n a 16. helyre esett vissza. Ezzel a sr\u00e1c a legfiatalabb versenyz\u0151v\u00e9 v\u00e1lt, aki a leggyorsabb k\u00f6rt futotta a nagyd\u00edj el\u0151tt, pontos dokument\u00e1ci\u00f3 szerint, mivel a 2025-\u00f6s Jap\u00e1n Nagyd\u00edjon Andrea Kimi Antonelli roncsolta a rajtot. A Mercedes ezut\u00e1n Hamiltont boxba k\u00fcldte a 66. k\u00f6rben, friss, l\u00e1gyabb gumikra.<\/p>\n<h2 id=\"toc-2\">Q2 &#8211; Ocon halad \u00e1t a leg\u00fajabb vonalon a leggyorsabban<\/h2>\n<p>Sainz k\u00f6vetkezik, Norris kies\u00e9s\u00e9t\u0151l 0,437 m\u00e1sodpercre. Hamilton csak a hetedik, az els\u0151 l\u00e9p\u00e9s 1,171 m\u00e1sodperc&#8230; Lawson a kilencedik helyen \u00e1ll, Perez pedig ut\u00e1na k\u00f6vetkezik.<\/p>\n<p>Perez l\u00e9tezik, de nem tud id\u0151ben a c\u00e9lvonalhoz \u00e9rni, hogy \u00fajabb k\u00f6rt tegyen meg. Mindk\u00e9t sr\u00e1c t\u00e1vol van &#8211; megfelelnek a k\u00f6vetelm\u00e9nyeknek, \u0151k tapasztaltabb emberek-bar\u00e1tok. Az \u00e9v\u00e9b\u0151l \u00edt\u00e9lve ez egy\u00e1ltal\u00e1n nem igaz. Csak azt nem veszed \u00e9szre, hogy megtal\u00e1lj\u00e1k a hely\u00fcket, ami\u00e9rt megtarthatj\u00e1k a Reddish Bull \u00fcl\u00e9s\u00e9t a 2025-\u00f6s aut\u00f3ban. A sr\u00e1c kihagyja a k\u00f6r\u00e9t, miel\u0151tt be\u00e9rhetne az \u00faj rajtvonalhoz. Ha a McLaren annyira megel\u0151zi a piacot, mint ma, akkor val\u00f3sz\u00edn\u0171leg az \u00faj sprintet fogj\u00e1k megtenni.<\/p>\n<h2 id=\"toc-3\">Az \u00faj v\u00e1rhat\u00f3 kezd\u00e9si d\u00e1tum 19:31 GMT, amelyet a 2024. november 19:14 GMT-kor tettek k\u00f6zz\u00e9, 2024. november 2. 19:14 GMT-kor.<\/h2>\n<p><img src=\"https:\/\/www.dailyherald.com\/storyimage\/DA\/20180318\/NEWS\/180318983\/AR\/0\/AR-180318983.jpg&#038;updated=201803190831&#038;MaxW=900&#038;maxH=900&#038;noborder&#038;Q=80\" alt=\"betting tips\" border=\"0\" align=\"right\" style=\"padding: 10px;\"><\/p>\n<p>A leg\u00fajabb, mindenn\u00e9l fontosabb F1-es kvalifik\u00e1ci\u00f3s lecke a brazil nagyd\u00edjon zajl\u00f3 fejp\u00e1rbajhoz tal\u00e1n elmaradt az FIA megfelel\u0151 jelent\u00e9se ut\u00e1n. A sz\u00e1raz p\u00e1ly\u00e1n val\u00f3 kvalifik\u00e1ci\u00f3 es\u00e9lye rendk\u00edv\u00fcl csek\u00e9ly, mivel a h\u00e9tv\u00e9ge v\u00e1rhat\u00f3an nedves lesz. A h\u00e1romnapos gy\u0151ztes Verstappennek neh\u00e9z dolga lesz a friss McLarenekkel szemben a h\u00e9tv\u00e9ge csat\u00e1j\u00e1ban. \u00d6t rajthelyes szab\u00e1lytalans\u00e1got kapott, miut\u00e1n a szezonban hatodszor m\u00f3dos\u00edtotta a motorjukat \u2013 a maxim\u00e1lisan enged\u00e9lyezett n\u00e9gy. B\u00e1r nem, Verstappent a versenyb\u00edr\u00f3k egy hellyel lejjebb sorolt\u00e1k a virtu\u00e1lis v\u00e9delem szab\u00e1lyainak megs\u00e9rt\u00e9se miatt. Daniel Ricciardo az F1 TV-nek nyilatkozott az interlagosi Q1-es kies\u00e9se ut\u00e1n, \u00e9s elmondta, hogy az id\u0151m\u00e9r\u0151n egy piszkos utols\u00f3 k\u00f6re nagyban hozz\u00e1j\u00e1rult a kies\u00e9s\u00fckh\u00f6z.<\/p>\n<p>Micsoda \u0151r\u00fclt \u00e9s sz\u00f3rakoztat\u00f3 h\u00e9tv\u00e9ge volt ez. \u00c9pp most futotta a csata leggyorsabb k\u00f6r\u00e9t. Piastrinak egy kiad\u00f3s McLarent kell vezetnie itt.<\/p>\n<p>A leg\u00fajabb dallamot az \u00faj id\u0151m\u00e9r\u0151 k\u00e9perny\u0151k pr\u00f3b\u00e1lj\u00e1k felturb\u00f3zni. \u00dagy t\u0171nik, hogy nem \u00f6mlik a r\u00e9ss\u00e1vb\u00f3l, mivel a Sky Sporting Events F1-es csapat\u00e1nak nincsenek eserny\u0151i. Nem vagyok benne biztos, hogy ez azt jelenti-e, hogy az \u00faj rajthely\u00fck a 17, vagy hogy a sok versenyz\u0151 k\u00f6z\u00fcl a 17. lesz.<\/p>\n<p>Csup\u00e1n 0,320 m\u00e1sodpercre van Piastrit\u00f3l, amely egy j\u00f3 k\u00f6rt tett meg a legv\u00e9g\u00e9n. Vagy tal\u00e1n az az elm\u00e9let, amit Piastri mindig is s\u00fcrgetett, hogy Norris teljes\u00edtse a versenyen el\u00e9rt rem\u00e9nyeit, \u00e9s amelynek kev\u00e9s es\u00e9lye volt a megval\u00f3s\u00edt\u00e1s\u00e1ra. A holnapi sprintben a v\u00e9letlenre fogsz hagyatkozni.<\/p>\n<p><img src=\"https:\/\/media.gettyimages.com\/vectors\/sports-betting-american-football-vector-id972017014?s=612x612\" alt=\"golf betting\" border=\"1\" align=\"right\" style=\"padding: 10px;\"><\/p>\n<p>Ez volt a 2008-as Algorithm One to Industry Tournament tizennyolcadik \u00e9s egyben leg\u00fajabb versenye. A Ferrari pil\u00f3t\u00e1ja, Felipe Massa pole poz\u00edci\u00f3b\u00f3l indulva nyerte meg a 71 k\u00f6r\u00f6s versenyt; ez volt Massa tizenegy nagyd\u00edjgy\u0151zelm\u00e9nek a v\u00e9ge. Fernando Alonso a m\u00e1sodik helyen v\u00e9gzett a Renault-ban, Massa csapatt\u00e1rsa, Kimi R\u00e4ikk\u00f6nen pedig a harmadik helyen. A m\u00e1sodik tizenk\u00e9t k\u00f6r ut\u00e1n az \u00faj lend\u00fclet felfel\u00e9 lend\u00edtette a temp\u00f3t. A 42. k\u00f6rben Bottas kem\u00e9ny gumikat haszn\u00e1lt, csapatt\u00e1rs\u00e1val, Hamiltonnal egy\u00fctt, majd n\u00e9h\u00e1ny k\u00f6rrel k\u00e9s\u0151bb a forr\u00e1sokhoz is be\u00e1lltak.<\/p>\n","protected":false},"excerpt":{"rendered":"<p>Cikkek Ami\u00f3ta megt\u00f6rt\u00e9nt: T\u00f6rekedj minden olyan tev\u00e9kenys\u00e9gr [&hellip;]<\/p>\n","protected":false},"author":152,"featured_media":0,"comment_status":"closed","ping_status":"open","sticky":false,"template":"","format":"aside","meta":[],"categories":[1],"tags":[],"_links":{"self":[{"href":"https:\/\/si.secda.info\/tlsm20220140x\/index.php?rest_route=\/wp\/v2\/posts\/513359"}],"collection":[{"href":"https:\/\/si.secda.info\/tlsm20220140x\/index.php?rest_route=\/wp\/v2\/posts"}],"about":[{"href":"https:\/\/si.secda.info\/tlsm20220140x\/index.php?rest_route=\/wp\/v2\/types\/post"}],"author":[{"embeddable":true,"href":"https:\/\/si.secda.info\/tlsm20220140x\/index.php?rest_route=\/wp\/v2\/users\/152"}],"replies":[{"embeddable":true,"href":"https:\/\/si.secda.info\/tlsm20220140x\/index.php?rest_route=%2Fwp%2Fv2%2Fcomments&post=513359"}],"version-history":[{"count":1,"href":"https:\/\/si.secda.info\/tlsm20220140x\/index.php?rest_route=\/wp\/v2\/posts\/513359\/revisions"}],"predecessor-version":[{"id":513360,"href":"https:\/\/si.secda.info\/tlsm20220140x\/index.php?rest_route=\/wp\/v2\/posts\/513359\/revisions\/513360"}],"wp:attachment":[{"href":"https:\/\/si.secda.info\/tlsm20220140x\/index.php?rest_route=%2Fwp%2Fv2%2Fmedia&parent=513359"}],"wp:term":[{"taxonomy":"category","embeddable":true,"href":"https:\/\/si.secda.info\/tlsm20220140x\/index.php?rest_route=%2Fwp%2Fv2%2Fcategories&post=513359"},{"taxonomy":"post_tag","embeddable":true,"href":"https:\/\/si.secda.info\/tlsm20220140x\/index.php?rest_route=%2Fwp%2Fv2%2Ftags&post=513359"}],"curies":[{"name":"wp","href":"https:\/\/api.w.org\/{rel}","templated":true}]}}